{"id":6294,"date":"2010-05-31T20:11:39","date_gmt":"2010-05-31T19:11:39","guid":{"rendered":"http:\/\/kotzboy.com\/?p=6294"},"modified":"2010-05-31T20:11:39","modified_gmt":"2010-05-31T19:11:39","slug":"sommer-alptraume-i","status":"publish","type":"post","link":"http:\/\/kotzboy.com\/?p=6294","title":{"rendered":"sommer-albtr\u00e4ume I"},"content":{"rendered":"<p>tut mir leid, aber ich bin teilweise ziemlich sprachlos dar\u00fcber, was alles passiert. hier dazu erstmal nur spontanes gestammel in zwei teilen.<\/p>\n<p>am wenigsten interessant finde ich den <a href=\"http:\/\/humantraffic.blogsport.de\/2010\/05\/31\/der-alte-horsti-boy\/\" target=\"_blank\" rel=\"noopener\">r\u00fccktritt des horst k\u00f6hlers<\/a>.<\/p>\n<p>lenas gewinn beim &#8222;<a href=\"http:\/\/www.eurovision.tv\" target=\"_blank\" rel=\"noopener\">eurovision song contest<\/a>&#8220; hingegen war bereits am samstag f\u00fcr meine gef\u00fchlswelt zuviel des &#8222;guten(?)&#8220;. der zenith ist \u00fcberschritten, der scheitelpunkt beginnt sich zu k\u00e4mmen und eklig wurde der freudentaumel um den &#8222;<em>sieg<\/em>&#8220; <a href=\"http:\/\/bubizitrone.tumblr.com\/post\/646780979\" target=\"_blank\" rel=\"noopener\">auch sehr schnell<\/a>. <\/p>\n<p><img loading=\"lazy\" decoding=\"async\" src=\"http:\/\/kotzboy.com\/wp-content\/uploads\/2010\/05\/escheil.jpg\" alt=\"\" title=\"escheil\" width=\"400\" height=\"335\" class=\"alignnone size-full wp-image-6319\" \/><br \/>\n<small>via &#8222;<a href=\"http:\/\/bubizitrone.tumblr.com\/post\/646780979\" target=\"_blank\" rel=\"noopener\">bubi zitrone<\/a>&#8222;<\/small><\/p>\n<p>was in der castingshow &#8222;<a href=\"http:\/\/www.unser-star-fuer-oslo.de\" target=\"_blank\" rel=\"noopener\">unser star f\u00fcr oslo<\/a>&#8220; noch durchaus ungew\u00f6hnlich und <a href=\"http:\/\/kotzboy.com\/?p=5980\" target=\"_blank\" rel=\"noopener\">nett<\/a> war f\u00fcr sendungen des genres, auch angesichts der freien, eher &#8222;indie&#8220;-m\u00e4\u00dfigen songauswahl, teilweise der performance selbstgeschriebener, meistens recht guter songs der kandidatInnen, dem m\u00f6chtegern-cockney-english lenas und so, ist inzwischen versaut, nachdem die vermeintliche &#8222;<em>nationale aufgabe<\/em>&#8220; (usfo-selbstbeschreibung) zu einem &#8222;<em>nationalen konsens<\/em>&#8220; erkl\u00e4rt ist, dem selbst der wenig vorteilhafte cdu-ministerpr\u00e4sident wulff in einem fahnenmeer gratuliert. wenn lena dann noch lustige spr\u00fcche wie &#8222;<em>alter finne!<\/em>&#8220; o.\u00e4. ins &#8222;<em>goldene buch<\/em>&#8220; der stadt hannover schreibt, hat sich der running gag l\u00e4ngst totgelaufen. lena hat dadurch l\u00e4ngst ihre viel proklamierte &#8222;<em>unschuld<\/em>&#8220; verloren. denn was anfangs individuell bezaubernd wirken konnte, wird als instrumentalisierte institution schnell abgenutzt und unglaubw\u00fcrdig. als angebliche &#8222;<em>kollektive bezauberung<\/em>&#8220; versammeln sich hinter ihr zunehmend die falschen. die, die sich prim\u00e4r hinter einer fahne zu versammeln bereit sind.<br \/>\ngenau das unterst\u00fctzt stefan raab, wenn er nun lena <a href=\"http:\/\/www.sueddeutsche.de\/medien\/eurovision-song-contest-machs-noch-mal-lena-1.952437\" target=\"_blank\" rel=\"noopener\">bereits festschreibt als vorzeige-deutsche f\u00fcr 2011<\/a>, w\u00e4hrend das \u00f6ffentlich-rechtliche fernsehen eigentlich mit einer ganz neuen staffel der vorentscheidungs-show geplant hatte.<br \/>\nder sofort einsetzende streit um den ausgetragungsort von esc2011 ist auch lachhaft. provinzstadt hannover wirbt etwa damit, da\u00df sie lenas &#8222;heimat&#8220; sei. ist das ein argument genug, menschen aus dutzenden l\u00e4ndern ausgerechnet dahin reisen zu lassen? aus so was spricht der lokalpatriotische gr\u00f6\u00dfenwahn. der unterhaltungswert f\u00fcr internationale g\u00e4ste w\u00e4re sicher in berlin oder hamburg h\u00f6her.<\/p>\n<p>faszinierend auch die tatsache, da\u00df lena &#038; raab in hannover den versuch einer mutma\u00dflich ambivalent gemeinten patriotischen \u00e4u\u00dferung unternahmen, in dem sie den bei &#8222;<a href=\"http:\/\/www.tvtotal.de\" target=\"_blank\" rel=\"noopener\">tv total<\/a>&#8220; anfang des vergangenen jahrzehnts <a href=\"http:\/\/www.youtube.com\/watch?v=1b7-9y8IYrM\" target=\"_blank\" rel=\"noopener\">verwursteten<\/a> track &#8222;<em>ich liebe deutsche land<\/em>&#8220; <a href=\"http:\/\/www.rp-online.de\/kultur\/musik\/songcontest\/Lena-feiert-Ich-liebe-deutsche-Land_aid_863081.html\" target=\"_blank\" rel=\"noopener\">dem fahnenwedelnden publikum entgegensangen<\/a>.<br \/>\ndie nicht unsympathische verna mae bentley-krause wirkt im orginal wie der verzweifelte assimilierungsversuch einer segregierten migrantin vor einer h\u00e4sslichen deutschen 80er-gardine, in dem sie unter anderem &#8222;deutsche wurst&#8220; und &#8222;deutschen wein&#8220; lobpreist:<\/p>\n<p><iframe loading=\"lazy\" width=\"425\" height=\"344\" src=\"http:\/\/www.youtube.com\/embed\/Wxmia7CA3lA?wmode=transparent\" frameborder=\"0\" allowfullscreen> <\/iframe><\/p>\n<p>wie wiederum diese reminiszenz im vergleich zum lenaistischen nationalstolz von der masse verstanden wird, ist unklar. im schlimmsten und nicht unwahrscheinlichen fall f\u00fchrt die vermeintliche l\u00e4cherlichkeit der differenz, die &#8222;<em>echten<\/em>&#8220; nationalstolz von naiven andockungsversuchen von au\u00dfen zu unterscheiden behauptet, zu einer tempor\u00e4ren belustigung und steigerung der eigenen deutschen wollust. viel mehr reflektion ist wohl nicht zu machen.<\/p>\n<p><strong>p.s.:<\/strong> bei &#8222;tv total&#8220; ging es montag weiter (mit f\u00e4hnchen):<\/p>\n<p><iframe loading=\"lazy\" width=\"425\" height=\"344\" src=\"http:\/\/www.youtube.com\/embed\/gzD62tAaajQ?wmode=transparent\" frameborder=\"0\" allowfullscreen> <\/iframe><\/p>\n<p>irgendwie z\u00fcndet die selbstironie nicht, oder?<\/p>\n","protected":false},"excerpt":{"rendered":"<p><img decoding=\"async\" src=\"http:\/\/kotzboy.com\/wp-content\/uploads\/2010\/03\/usfo.jpg\"><\/p>\n","protected":false},"author":2,"featured_media":0,"comment_status":"open","ping_status":"open","sticky":false,"template":"","format":"standard","meta":{"footnotes":""},"categories":[5],"tags":[512,923,1202,1871,1909],"class_list":["post-6294","post","type-post","status-publish","format-standard","hentry","category-pop","tag-deutschland","tag-horst-kohler","tag-lena-meyer-landrut","tag-sommermarchen","tag-stefan-raab"],"jetpack_featured_media_url":"","_links":{"self":[{"href":"http:\/\/kotzboy.com\/index.php?rest_route=\/wp\/v2\/posts\/6294","targetHints":{"allow":["GET"]}}],"collection":[{"href":"http:\/\/kotzboy.com\/index.php?rest_route=\/wp\/v2\/posts"}],"about":[{"href":"http:\/\/kotzboy.com\/index.php?rest_route=\/wp\/v2\/types\/post"}],"author":[{"embeddable":true,"href":"http:\/\/kotzboy.com\/index.php?rest_route=\/wp\/v2\/users\/2"}],"replies":[{"embeddable":true,"href":"http:\/\/kotzboy.com\/index.php?rest_route=%2Fwp%2Fv2%2Fcomments&post=6294"}],"version-history":[{"count":0,"href":"http:\/\/kotzboy.com\/index.php?rest_route=\/wp\/v2\/posts\/6294\/revisions"}],"wp:attachment":[{"href":"http:\/\/kotzboy.com\/index.php?rest_route=%2Fwp%2Fv2%2Fmedia&parent=6294"}],"wp:term":[{"taxonomy":"category","embeddable":true,"href":"http:\/\/kotzboy.com\/index.php?rest_route=%2Fwp%2Fv2%2Fcategories&post=6294"},{"taxonomy":"post_tag","embeddable":true,"href":"http:\/\/kotzboy.com\/index.php?rest_route=%2Fwp%2Fv2%2Ftags&post=6294"}],"curies":[{"name":"wp","href":"https:\/\/api.w.org\/{rel}","templated":true}]}}