{"id":6259,"date":"2010-05-27T02:08:15","date_gmt":"2010-05-27T01:08:15","guid":{"rendered":"http:\/\/kotzboy.com\/?p=6259"},"modified":"2010-05-27T02:08:15","modified_gmt":"2010-05-27T01:08:15","slug":"250-000-euro-fur-storr","status":"publish","type":"post","link":"http:\/\/kotzboy.com\/?p=6259","title":{"rendered":"im namen des volkes"},"content":{"rendered":"<p>250.000 euro ist die h\u00f6he des ordnungsgeldes, das ein linksliberaler autor f\u00fcr seine \u00f6ffentlichen kommentare \u00fcber <a href=\"http:\/\/kotzboy.com\/?p=5069\" target=\"_blank\" rel=\"noopener\">dominik storr<\/a> angedroht bekam.<br \/>\ndie entscheidende frage der juristischen auseinandersetzung war, darf man jemanden &#8222;<em>rechtsextrem<\/em>&#8220; nennen, der juden verantwortlich macht f\u00fcr \u00fcbel dieser welt? nat\u00fcrlich nicht. diese einsch\u00e4tzung ist n\u00e4mlich weder rechts noch links, sie ist &#8222;<em>common sense<\/em>&#8220; einer breiten &#8222;<em>querfront<\/em>&#8222;. und ob antisemitismus oder nicht, das liegt immer noch im auge des in diesem fall w\u00fcrzburger richters, nicht etwa in der bewertung der betroffenen.<br \/>\nantisemitismus ist vollkommen d&#8217;accord in kreisen, die teilweise nicht mal wissen, ob sie links, rechts oder gar nichts von beidem sein wollen. und die annahme einer quasi-j\u00fcdischen weltverschw\u00f6rung ist mittlerweile derma\u00dfen wertfrei, da\u00df selbst ein &#8222;<em>landgericht w\u00fcrzburg<\/em>&#8220; dazu neigt, den reichtum des herrn storrs zu mehren.<\/p>\n<p>zitat:<\/p>\n<blockquote><p>&#8222;<em>ausgangspunkt f\u00fcr die zuordnung zum begriff &#8218;rechtsextremismus&#8216; ist die eigene einordnung, zu einer \u00fcberlegenen rasse\/nation. [&#8230;]<br \/>\nder beklagte st\u00fctzt seine aussage, der kl\u00e4ger sei rechtsradikal, auf eine ver\u00f6ffentlichung des kl\u00e4gers [&#8230;], in der der kl\u00e4ger in einem nebensatz erw\u00e4hnt, dass es sich bei den superreichen familien englands, frankreichs und holland, die das wirtschaftsgeschehen in der welt bestimmen, zumeist um kharsaische, also nicht semitische juden handele. der kl\u00e4ger beschreibt damit eine gruppe von menschen, die gro\u00dfen wirtschaftlichen einfluss aus\u00fcben, aus wenigen l\u00e4ndern stammen und zumeist angeh\u00f6rige des j\u00fcdischen volkes als auch der j\u00fcdischen religion sein sollen.<\/p>\n<p>dieser ankn\u00fcpfungspunkt allein rechtfertigt nicht den schwer wiegenden vorwurf des rechtsradikalismus. denn der kl\u00e4ger ordnet sich nicht einer \u00fcberlegenen gruppe von menschen zu und bewertet die gruppe von menschen mit gro\u00dfem wirtschaftlichen einfluss nicht als minderwertige gruppe.<\/em>&#8222;<\/p><\/blockquote>\n<p>wer also nicht den arier gro\u00dfkotzig raush\u00e4ngen l\u00e4sst, darf eine, quasi nicht-semitische, sondern &#8222;<em>khasarische<\/em>&#8222;, &#8222;<em>judenverschw\u00f6rung<\/em>&#8220; behaupten, ohne irgendwie volksverhetzend bewertet zu werden. toll, da\u00df w\u00fcrzburg das mal gekl\u00e4rt hat. um die eventuelle frage um den straftatbestand der volksverhetzung ging es nicht. dort ging es nur um das wohlf\u00fchlen eines &#8222;<em>b\u00fcrgeranwalts<\/em>&#8220; storr, der sich eigentlich <a href=\"http:\/\/kotzboy.com\/?p=5069\" target=\"_blank\" rel=\"noopener\">recht eindeutig positioniert<\/a> hat.<\/p>\n<p>keine reaktion (auch nach anfrage seitens kotzboy.com: &#8222;<em>wir bedauern, dass ihnen die auswahl unserer g\u00e4ste der letzten sendung missfallen hat.<\/em>&#8222;) bislang auch vom <a href=\"http:\/\/blog.esowatch.com\/?p=1449\" target=\"_blank\" rel=\"noopener\">wdr<\/a>, der dominik storr im rahmen der sendung &#8222;<a href=\"http:\/\/www.daserste.de\/maischberger\" target=\"_blank\" rel=\"noopener\">menschen bei maischberger<\/a>&#8220; unreflektiert ein forum geboten und damit berechtigten anlass f\u00fcr \u00f6ffentliche spekulationen \u00fcber storrs geistigen oder ideologischen zustand provoziert hatte. <\/p>\n","protected":false},"excerpt":{"rendered":"<p><img decoding=\"async\" src=\"http:\/\/kotzboy.com\/wp-content\/uploads\/2009\/09\/storr.jpg\"><\/p>\n","protected":false},"author":2,"featured_media":0,"comment_status":"open","ping_status":"open","sticky":false,"template":"","format":"standard","meta":{"footnotes":""},"categories":[3],"tags":[166,555,1062,1258,1645,2207],"class_list":["post-6259","post","type-post","status-publish","format-standard","hentry","category-paranoia","tag-antisemitismus","tag-dominik-storr","tag-justiz","tag-maischberger","tag-querfront","tag-wdr"],"jetpack_featured_media_url":"","_links":{"self":[{"href":"http:\/\/kotzboy.com\/index.php?rest_route=\/wp\/v2\/posts\/6259","targetHints":{"allow":["GET"]}}],"collection":[{"href":"http:\/\/kotzboy.com\/index.php?rest_route=\/wp\/v2\/posts"}],"about":[{"href":"http:\/\/kotzboy.com\/index.php?rest_route=\/wp\/v2\/types\/post"}],"author":[{"embeddable":true,"href":"http:\/\/kotzboy.com\/index.php?rest_route=\/wp\/v2\/users\/2"}],"replies":[{"embeddable":true,"href":"http:\/\/kotzboy.com\/index.php?rest_route=%2Fwp%2Fv2%2Fcomments&post=6259"}],"version-history":[{"count":0,"href":"http:\/\/kotzboy.com\/index.php?rest_route=\/wp\/v2\/posts\/6259\/revisions"}],"wp:attachment":[{"href":"http:\/\/kotzboy.com\/index.php?rest_route=%2Fwp%2Fv2%2Fmedia&parent=6259"}],"wp:term":[{"taxonomy":"category","embeddable":true,"href":"http:\/\/kotzboy.com\/index.php?rest_route=%2Fwp%2Fv2%2Fcategories&post=6259"},{"taxonomy":"post_tag","embeddable":true,"href":"http:\/\/kotzboy.com\/index.php?rest_route=%2Fwp%2Fv2%2Ftags&post=6259"}],"curies":[{"name":"wp","href":"https:\/\/api.w.org\/{rel}","templated":true}]}}