{"id":581,"date":"2008-09-29T23:56:35","date_gmt":"2008-09-29T21:56:35","guid":{"rendered":"http:\/\/kotzboy.com\/?p=581"},"modified":"2022-11-24T18:50:12","modified_gmt":"2022-11-24T18:50:12","slug":"no-remorse-auf-der-weltlandbrucke","status":"publish","type":"post","link":"http:\/\/kotzboy.com\/?p=581","title":{"rendered":"no remorse auf der &#8222;weltlandbr\u00fccke&#8220;"},"content":{"rendered":"<p><img loading=\"lazy\" decoding=\"async\" src=\"http:\/\/kotzboy.com\/wp-content\/uploads\/2008\/09\/jerry2.jpg\" alt=\"\" title=\"jerry2\" width=\"150\" height=\"146\" class=\"alignnone size-full wp-image-582\"><\/p>\n<blockquote><p>&#8222;<em>der 22j\u00e4hrige engl\u00e4nder j\u00fcdischen glaubens <a href=\"http:\/\/www.justiceforjeremiah.com\/\" target=\"_blank\" rel=\"noopener\">jeremiah duggan<\/a> hatte im umfeld des irak-krieges eine veranstaltung der larouche-organisation \u201c<em>schiller-institut<\/em>\u201d besucht.<br \/>\nsp\u00e4ter am abend setzte er von seinem handy mehrere hilferufe an seine mutter und seine freundin ab, bevor er sich angeblich auf einer landstra\u00dfe bei wiesbaden das leben genommen haben soll.<\/em>&#8222;<\/p><\/blockquote>\n<p>eine grauenvolle sekten-story um die auf den ersten blick unfreiwillig komische, aber auf den zweiten blick bitter antisemitisch-verschw\u00f6rungstheoretische &#8222;<em>partei<\/em>&#8220; &#8222;b\u00fcso&#8220; (&#8222;<em>b\u00fcrgerrechtsbewegung solidarit\u00e4t<\/em>&#8222;). <a href=\"http:\/\/kotzboy.com\/?p=257\" target=\"_blank\" rel=\"noopener\">hier nachzulesen<\/a> bzw. in form von 2 tv-beitr\u00e4gen dokumentiert.<\/p>\n<p>unter dem rhetorischen motto &#8222;ist die larouche-bewegung eine gefahr f\u00fcr die gesellschaft?&#8220; findet im &#8222;haus der demokratie&#8220;, berlin, eine diskussionsveranstaltung statt.<\/p>\n<p>aus dem <a href=\"http:\/\/www.adf-berlin.de\/wbb2\/thread.php?threadid=4570\" target=\"_blank\" rel=\"noopener\">adf-forum<\/a>:<\/p>\n<blockquote><p><em>&#8222;<strong>Fr, 17. 10. um 14:00 | Robert-Havemann-Saal<\/strong><\/em><\/p>\n<p><em><strong>Podiumsdiskussion<\/strong><\/em><\/p>\n<p><em><strong><br \/>\n<\/strong><strong><\/strong><strong>Ist die LaRouche Bewegung eine Gefahr f\u00fcr die Gesellschaft?<\/strong><\/p>\n<p>Die \u201eB\u00fcrgerrechtsbewegung Solidari\u00e4t\u201c (B\u00fcso) ist eine deutsche Kleinstpartei mit geringem Erfolg, so erh\u00e4lt sie im Durchschnitt bei Wahlen zwischen 0,1 und 0,2 Prozent.<br \/>\nNichtsdestotrotz ist sie in Deutschland zusammen mit dem Schiller Institut und der LaRouche Jugend Bewegung Teil der LaRouche Bewegung, welche als antisemitische und gef\u00e4hrliche Sekte gilt.<br \/>\nDies spiegelt sich unter anderem in den Drohungen gegen die Gr\u00fcnen-Politikerin Petra Kelly in den 1980ern; im Tod des ehemaligen us-amerikanischen Mitgliedes Ken Kronberg im letzten Jahr sowie im Fall des bisher unter ungekl\u00e4rten Umst\u00e4nden zu Tode gekommenen Jeremiah Duggan im Anschluss an ein &#8218;Kaderschulungsseminar&#8216; der LaRouche Jugendbewegung in Wiesbaden wieder.<br \/>\nAufgrund des letzteren legten Jeremiahs Eltern, Erica und Hugo Duggan, 2006 eine Verfassungsbeschwerde beim Bundesverfassungsgericht in Karlsruhe ein, um das Verfahren zur Kl\u00e4rung der Umst\u00e4nde erneut zu er\u00f6ffnen.<\/p>\n<p>++ Erica Duggan, RA Eberhard Schultz und RA Claus F\u00f6rster:<br \/>\nAktueller rechtlicher Stand (Verfassungsbeschwerde) hinsichtlich der Kl\u00e4rung der Ursachen des Todes von Jerimiah Duggan<\/p>\n<p>++ Hans-Christian Str\u00f6bele (MdB, B\u00fcndnis 90\/Gr\u00fcne)<br \/>\nund Dr. Rudi Viz (Mitglied des Britischen Parlaments, Labour):<br \/>\nParlamentarische Aktivit\u00e4ten gegen die LaRouche Bewegung in Deutschland und UK<\/p>\n<p>++ Chip Berlet (Politikwissenschaftler USA):<br \/>\nAntisemitismus der LaRouche Bewegung<\/p>\n<p>++ Dr Matthew Feldman (Senior Lecturer History, Universit\u00e4t Northampton, editor \u201eCompass\u201c):<br \/>\nDas LaRouche Netzerk<\/p>\n<p>++ Drei ehemalige f\u00fchrende Mitglieder der LaRouche Gruppe aus Deutschland, USA und Frankreich:<br \/>\nDie LaRouche Gruppe von Innen: zerst\u00f6rerisch und eine Bedrohung f\u00fcr das Individuum<\/p>\n<p>++ Moderation: Dr. Rainer Fromm (Fernsehjournalist und Politologe)<\/p>\n<p>Die Veranstaltung wird unterst\u00fctzt von Prof. Gert Weisskirchen (pers\u00f6nlicher Beauftragter des OSZE- Vorsitzenden zur Bek\u00e4mpfung des Antisemitismus, MdB SPD); und Ursula Caberta, (Leiterin der Arbeitsgruppe \u201eScientology\u201c der Beh\u00f6rde f\u00fcr Inneres Hamburg).<\/p>\n<p><\/em><em><\/em><em>Die Veranstaltung findet auf Deutsch und Englisch statt, falls Sie eine \u00dcbersetzung in Deutsch, Englisch oder Franz\u00f6sisch ben\u00f6tigen, buchen Sie bitte ihre Kopfh\u00f6rer im voraus via justiceforjeremiah@googlemail.com.<\/em>&#8222;<\/p><\/blockquote>\n<p>ein &#8222;b\u00fcso&#8220;-wahlwerbespot, interpretiert von oliver kalkofe:<br \/>\n<iframe loading=\"lazy\" src=\"https:\/\/www.facebook.com\/plugins\/video.php?height=314&amp;href=https%3A%2F%2Fwww.facebook.com%2Fkalkofe%2Fvideos%2F550702778922083%2F&amp;show_text=false&amp;width=560&amp;t=0\" width=\"560\" height=\"314\" style=\"border:none;overflow:hidden\" scrolling=\"no\" frameborder=\"0\" allowfullscreen=\"true\" allow=\"autoplay; clipboard-write; encrypted-media; picture-in-picture; web-share\"><\/iframe><\/p>\n","protected":false},"excerpt":{"rendered":"<p><img loading=\"lazy\" decoding=\"async\" src=\"http:\/\/kotzboy.com\/wp-content\/uploads\/2008\/09\/jerry.jpg\" alt=\"\" title=\"jerry\" width=\"150\" height=\"146\" class=\"alignnone size-full wp-image-580\" \/><\/p>\n","protected":false},"author":2,"featured_media":0,"comment_status":"open","ping_status":"open","sticky":false,"template":"","format":"standard","meta":{"footnotes":""},"categories":[3],"tags":[166,269,372,648,1014,1808,2163,2168,2300],"class_list":["post-581","post","type-post","status-publish","format-standard","hentry","category-paranoia","tag-antisemitismus","tag-berlin","tag-buso","tag-esoterik","tag-jeremiah-duggan","tag-sekten","tag-veranstaltungen","tag-verschworungstheorie","tag-zepp-larouche"],"jetpack_featured_media_url":"","_links":{"self":[{"href":"http:\/\/kotzboy.com\/index.php?rest_route=\/wp\/v2\/posts\/581","targetHints":{"allow":["GET"]}}],"collection":[{"href":"http:\/\/kotzboy.com\/index.php?rest_route=\/wp\/v2\/posts"}],"about":[{"href":"http:\/\/kotzboy.com\/index.php?rest_route=\/wp\/v2\/types\/post"}],"author":[{"embeddable":true,"href":"http:\/\/kotzboy.com\/index.php?rest_route=\/wp\/v2\/users\/2"}],"replies":[{"embeddable":true,"href":"http:\/\/kotzboy.com\/index.php?rest_route=%2Fwp%2Fv2%2Fcomments&post=581"}],"version-history":[{"count":2,"href":"http:\/\/kotzboy.com\/index.php?rest_route=\/wp\/v2\/posts\/581\/revisions"}],"predecessor-version":[{"id":10434,"href":"http:\/\/kotzboy.com\/index.php?rest_route=\/wp\/v2\/posts\/581\/revisions\/10434"}],"wp:attachment":[{"href":"http:\/\/kotzboy.com\/index.php?rest_route=%2Fwp%2Fv2%2Fmedia&parent=581"}],"wp:term":[{"taxonomy":"category","embeddable":true,"href":"http:\/\/kotzboy.com\/index.php?rest_route=%2Fwp%2Fv2%2Fcategories&post=581"},{"taxonomy":"post_tag","embeddable":true,"href":"http:\/\/kotzboy.com\/index.php?rest_route=%2Fwp%2Fv2%2Ftags&post=581"}],"curies":[{"name":"wp","href":"https:\/\/api.w.org\/{rel}","templated":true}]}}