{"id":4060,"date":"2009-07-13T15:03:47","date_gmt":"2009-07-13T14:03:47","guid":{"rendered":"http:\/\/kotzboy.com\/?p=4060"},"modified":"2009-07-13T15:03:47","modified_gmt":"2009-07-13T14:03:47","slug":"nazigewalt-in-friedrichshain","status":"publish","type":"post","link":"http:\/\/kotzboy.com\/?p=4060","title":{"rendered":"nazigewalt in friedrichshain"},"content":{"rendered":"<p>in friedrichshain, an der u-bahnstation &#8222;frankfurter allee&#8220;, wurde am sonntagmorgen ein junger mann im zuge einer pr\u00fcgeltour einer gruppe neonazis zusammengeschlagen und schwer verletzt.<\/p>\n<p>aus der &#8222;<a href=\"http:\/\/www.morgenpost.de\/berlin\/article1130751\/Neonazis_pruegeln_Passanten_fast_zu_Tode.html\" target=\"_blank\" rel=\"noopener\">berliner morgenpost<\/a>&#8222;:<\/p>\n<blockquote><p><em>Ein 22-j\u00e4hriger Mann ist am Sonntagmorgen von vier mutma\u00dflichen Rechtsextremen in Friedrichshain zusammengeschlagen und schwer verletzt worden. Wie die Polizei mitteilte, schlugen die M\u00e4nner im Alter von 20 bis 26 Jahren so lange auf den Mann ein, bis er das Bewusstsein verlor.<br \/>\nDaraufhin habe der 26-j\u00e4hrige T\u00e4ter den wehrlosen Berliner auf den Gehweg gezogen, ihn mit dem Gesicht zum Boden abgelegt und sei dann mit dem rechten Bein auf dessen Hinterkopf getreten. Der 22-J\u00e4hrige wurde den Angaben zufolge mit einem Jochbeinbruch, schweren Prellungen und Hirnblutungen ins Krankenhaus gebracht.<br \/>\nDer Gewalttat ging nach Polizeiangaben ein Streit mit etwa zehn jungen M\u00e4nnern aus dem linken Spektrum voran. Es sei zu einer Schl\u00e4gerei gekommen, bei denen der 26-J\u00e4hrige aus der vierk\u00f6pfigen Gruppe eine Platzwunde erlitten habe. Als die M\u00e4nner aus der linken Szene verschwunden waren, h\u00e4tten die vier Schl\u00e4ger grundlos Passanten angegriffen.<br \/>\nZun\u00e4chst seien vier unbekannte junge M\u00e4nner von ihnen mit Schl\u00e4gen und Tritten attackiert worden, erkl\u00e4rte die Polizei. Als die vier vor den aggressiven Angreifern flohen, h\u00e4tten sie den 22-J\u00e4hrigen als weiteres Opfer gefunden. Nach der Gewalttat seien die vier M\u00e4nner noch am Tatort festgenommen worden. Der Polizeiliche Staatsschutz hat die Ermittlungen zu dem versuchten Totschlag \u00fcbernommen.<\/em><\/p><\/blockquote>\n<p>weitere medien: <a href=\"http:\/\/www.bz-berlin.de\/tatorte\/neonazis-pruegeln-passanten-fast-tot-article516396.html\" target=\"_blank\" rel=\"noopener\">berliner zeitung<\/a>, <a href=\"http:\/\/www.tagesspiegel.de\/berlin\/Polizei-Justiz-Friedrichshain-Schlaegerei;art126,2846175\" target=\"_blank\" rel=\"noopener\">tagesspiegel<\/a>, <a href=\"http:\/\/www.rbb-online.de\/nachrichten\/politik\/2009_07\/rechte_schlagen_22.html\" target=\"_blank\" rel=\"noopener\">rbb<\/a>, <a href=\"http:\/\/www.bild.de\/BILD\/regional\/berlin\/dpa\/2009\/07\/12\/neonazis-schlagen-opfer-brutal-zusammen.html\" target=\"_blank\" rel=\"noopener\">bild<\/a>, <a href=\"http:\/\/de.indymedia.org\/2009\/07\/255969.shtml\" target=\"_blank\" rel=\"noopener\">indymedia<\/a>.<\/p>\n<p><strong>edit:<\/strong><\/p>\n<p>am kommenden samstag findet ab 18h eine antifa-demo in friedrichshain statt. start: bersarinplatz (n\u00e4he u-bahnstation &#8222;frankfurter tor&#8220;). mehr <a href=\"http:\/\/nea.antifa.de\/specials\/fallee.html\" target=\"_blank\" rel=\"noopener\">hier<\/a>.<\/p>\n<p><strong>edit2:<\/strong><\/p>\n<p>zu gast in der friedrichshainer rechten disco &#8222;<em>jeton<\/em>&#8222;: &#8222;<a href=\"http:\/\/jungle-world.com\/artikel\/2009\/30\/35864.html\" target=\"_blank\" rel=\"noopener\">partyschaum und hiebe<\/a>&#8220; (jungle world 30\/09)<\/p>\n","protected":false},"excerpt":{"rendered":"<p><img loading=\"lazy\" decoding=\"async\" src=\"http:\/\/kotzboy.com\/wp-content\/uploads\/2009\/07\/frankfurterallee.jpg\" alt=\"frankfurterallee\" title=\"frankfurterallee\" width=\"150\" height=\"109\" class=\"alignnone size-full wp-image-4061\" \/><\/p>\n","protected":false},"author":2,"featured_media":0,"comment_status":"open","ping_status":"open","sticky":false,"template":"","format":"standard","meta":{"footnotes":""},"categories":[4],"tags":[269,745,1427],"class_list":["post-4060","post","type-post","status-publish","format-standard","hentry","category-politics","tag-berlin","tag-friedrichshain","tag-nazis"],"jetpack_featured_media_url":"","_links":{"self":[{"href":"http:\/\/kotzboy.com\/index.php?rest_route=\/wp\/v2\/posts\/4060","targetHints":{"allow":["GET"]}}],"collection":[{"href":"http:\/\/kotzboy.com\/index.php?rest_route=\/wp\/v2\/posts"}],"about":[{"href":"http:\/\/kotzboy.com\/index.php?rest_route=\/wp\/v2\/types\/post"}],"author":[{"embeddable":true,"href":"http:\/\/kotzboy.com\/index.php?rest_route=\/wp\/v2\/users\/2"}],"replies":[{"embeddable":true,"href":"http:\/\/kotzboy.com\/index.php?rest_route=%2Fwp%2Fv2%2Fcomments&post=4060"}],"version-history":[{"count":0,"href":"http:\/\/kotzboy.com\/index.php?rest_route=\/wp\/v2\/posts\/4060\/revisions"}],"wp:attachment":[{"href":"http:\/\/kotzboy.com\/index.php?rest_route=%2Fwp%2Fv2%2Fmedia&parent=4060"}],"wp:term":[{"taxonomy":"category","embeddable":true,"href":"http:\/\/kotzboy.com\/index.php?rest_route=%2Fwp%2Fv2%2Fcategories&post=4060"},{"taxonomy":"post_tag","embeddable":true,"href":"http:\/\/kotzboy.com\/index.php?rest_route=%2Fwp%2Fv2%2Ftags&post=4060"}],"curies":[{"name":"wp","href":"https:\/\/api.w.org\/{rel}","templated":true}]}}