{"id":1956,"date":"2009-01-11T20:45:34","date_gmt":"2009-01-11T19:45:34","guid":{"rendered":"http:\/\/kotzboy.com\/?p=1956"},"modified":"2009-01-11T20:45:34","modified_gmt":"2009-01-11T19:45:34","slug":"querfront-schnipsel","status":"publish","type":"post","link":"http:\/\/kotzboy.com\/?p=1956","title":{"rendered":"querfront-schnipsel"},"content":{"rendered":"<p>noch ein paar neuigkeiten an der querfront:<br \/>\nj\u00fcrgen els\u00e4sser (&#8222;<em>angriff der heuschrecken<\/em>&#8222;) ist endlich da angekommen, wo er hingeh\u00f6rt. sowohl <a href=\"http:\/\/anonymouse.org\/cgi-bin\/anon-www_de.cgi\/http:\/\/jungefreiheit.de\/Single-News-Display.154+M5fa1e0455c0.0.html\" target=\"_blank\" rel=\"nofollow noopener\">die rechtsradikale zeitung &#8222;junge freiheit&#8220;<\/a> als auch <a href=\"http:\/\/anonymouse.org\/cgi-bin\/anon-www_de.cgi\/http:\/\/berlin.npd.de\/index.php?sek=0&#038;pfad_id=12&#038;cmsint_id=1&#038;detail=373\" target=\"_blank\" rel=\"nofollow noopener\">die berliner npd<\/a> suchen anschlu\u00df zu <a href=\"http:\/\/www.taz.de\/regional\/berlin\/aktuell\/artikel\/?dig=2009%2F01%2F12%2Fa0145&#038;cHash=acca9c4cc5\" target=\"_blank\" rel=\"noopener\">els\u00e4ssers &#8222;<em>volksinitiative gegen finanzkapital<\/em>&#8222;<\/a>.<\/p>\n<p>antizionist und evangelischer pfarrer <a href=\"http:\/\/kotzboy.com\/?p=446\" target=\"_blank\" rel=\"noopener\">hans-christoph stoodt<\/a> aus frankfurt\/m. <a href=\"http:\/\/anonymouse.org\/cgi-bin\/anon-www_de.cgi\/http:\/\/www.jungewelt.de\/2009\/01-08\/047.php\" target=\"_blank\" rel=\"nofollow noopener\">folgt im gespr\u00e4ch mit der &#8222;jungen welt&#8220;<\/a> dem &#8222;<a href=\"http:\/\/anonymouse.org\/cgi-bin\/anon-www_de.cgi\/http:\/\/www.jungewelt.de\/2009\/01-09\/002.php\" target=\"_blank\" rel=\"nofollow noopener\"><em>leiter des politischen b\u00fcros der hamas<\/em>&#8220; chaled meshaal<\/a>. sie sind sich inhaltlich weitgehend einig. <\/p>\n<p>nicht in stoodts mannschaft, aber auch in einer anderen liga spielt der vatikanische kardinal martino, der gaza <a href=\"http:\/\/www.sueddeutsche.de\/politik\/980\/453669\/text\/\" target=\"_blank\" rel=\"noopener\">f\u00fcr ein &#8222;<em>riesiges konzentrationslager<\/em>&#8220; h\u00e4lt<\/a>. <\/p>\n<p><img loading=\"lazy\" decoding=\"async\" src=\"http:\/\/kotzboy.com\/wp-content\/uploads\/2009\/01\/marcos.jpg\" alt=\"marcos\" title=\"marcos\" width=\"140\" height=\"158\" class=\"alignnone size-full wp-image-1957\" \/><\/p>\n<p>nicht nur der mit &#8222;<em>gewohnt blumigen worten, metaphern und bildersprache<\/em>&#8220; (copyright &#8222;<a href=\"http:\/\/anonymouse.org\/cgi-bin\/anon-www_de.cgi\/http:\/\/www.antifa.de\/cms\/content\/view\/978\/32\/\" target=\"_blank\" rel=\"nofollow noopener\">antifa.de<\/a>&#8222;) vor sich hin stammelnde &#8222;<em>subcomandante marcos<\/em>&#8220; (&#8222;<em>wir wissen nicht viel dar\u00fcber<\/em>&#8222;) der ezln, sondern <a href=\"http:\/\/anonymouse.org\/cgi-bin\/anon-www_de.cgi\/http:\/\/www.antifa.de\/cms\/content\/view\/985\/32\/\" target=\"_blank\" rel=\"nofollow noopener\">auch pedram shayar<\/a> (koordinierungskreis attac) stimmt \u00e4hnlich mit ein: aus einer offensichtlich ziemlich realit\u00e4tsfernen perspektive sieht shayar ein &#8222;<em>schweigen zu diesem konflikt<\/em>&#8222;, damit verabschiede sich &#8222;<em>die linke [von] dem kampf gegen das westliche imperium<\/em>&#8222;.<br \/>\nisrael = westliches imperium. okay, und wie weiter ?<\/p>\n<blockquote><p>&#8222;<em>Sie vers\u00e4umten ihre Funktion, einen emanzipatorischen Kanal f\u00fcr eine legitime Wut zu schaffen, eine politische Heimat zu er\u00f6ffnen, in der auch der biographische Heimatfindung erleichtert wird. Diese Chance werden sie sobald nicht mehr bekommen.<\/em>&#8222;<\/p><\/blockquote>\n<p>also, linke &#8211; das ist deine chance. bei jenen, <a href=\"http:\/\/kotzboy.com\/?p=1779\" target=\"_blank\" rel=\"noopener\">die &#8222;<em>tod, tod, israel<\/em>&#8220; rufen<\/a>, ein wenig bl\u00f6des stimmvieh abzugreifen.<br \/>\nim gegensatz zu shayar sch\u00e4tze ich die (parlamentarische) &#8222;linke&#8220; durchaus f\u00fcr marketingstrategisch erfolgsversprechend positioniert ein. keine sorge, pedram. <\/p>\n<blockquote><p>&#8222;<em>Die Fr\u00fcchte des Zorns werden in nahe Zukunft aufgehen, die Linken werden sie in diesem Lande nicht mehr ernten.<\/em>&#8222;<\/p><\/blockquote>\n<p>die &#8222;fr\u00fcchte des zorns&#8220; <a href=\"http:\/\/nichtidentisches.wordpress.com\/2009\/01\/11\/welle-des-antisemitismus-in-europa\/\" target=\"_blank\" rel=\"noopener\">gehen ja schon auf<\/a>, wenn auch in anderen l\u00e4ndern. aber das kriegt ihr auch in deutschland schon noch hin, ihr friedensbewegten koordinierer.<\/p>\n","protected":false},"excerpt":{"rendered":"<p><img loading=\"lazy\" decoding=\"async\" src=\"http:\/\/kotzboy.com\/wp-content\/uploads\/2009\/01\/marcos1.jpg\" alt=\"marcos1\" title=\"marcos1\" width=\"150\" height=\"169\" class=\"alignnone size-full wp-image-1958\" \/><\/p>\n","protected":false},"author":2,"featured_media":0,"comment_status":"open","ping_status":"open","sticky":false,"template":"","format":"standard","meta":{"footnotes":""},"categories":[3],"tags":[160,203,1050,1051,1054,1106,1475,1549,1645,1922],"class_list":["post-1956","post","type-post","status-publish","format-standard","hentry","category-paranoia","tag-antiimp","tag-attac","tag-junge-freiheit","tag-junge-welt","tag-jurgen-elsasser","tag-kirche","tag-npd","tag-pedram-shayar","tag-querfront","tag-stoodt"],"jetpack_featured_media_url":"","_links":{"self":[{"href":"http:\/\/kotzboy.com\/index.php?rest_route=\/wp\/v2\/posts\/1956","targetHints":{"allow":["GET"]}}],"collection":[{"href":"http:\/\/kotzboy.com\/index.php?rest_route=\/wp\/v2\/posts"}],"about":[{"href":"http:\/\/kotzboy.com\/index.php?rest_route=\/wp\/v2\/types\/post"}],"author":[{"embeddable":true,"href":"http:\/\/kotzboy.com\/index.php?rest_route=\/wp\/v2\/users\/2"}],"replies":[{"embeddable":true,"href":"http:\/\/kotzboy.com\/index.php?rest_route=%2Fwp%2Fv2%2Fcomments&post=1956"}],"version-history":[{"count":0,"href":"http:\/\/kotzboy.com\/index.php?rest_route=\/wp\/v2\/posts\/1956\/revisions"}],"wp:attachment":[{"href":"http:\/\/kotzboy.com\/index.php?rest_route=%2Fwp%2Fv2%2Fmedia&parent=1956"}],"wp:term":[{"taxonomy":"category","embeddable":true,"href":"http:\/\/kotzboy.com\/index.php?rest_route=%2Fwp%2Fv2%2Fcategories&post=1956"},{"taxonomy":"post_tag","embeddable":true,"href":"http:\/\/kotzboy.com\/index.php?rest_route=%2Fwp%2Fv2%2Ftags&post=1956"}],"curies":[{"name":"wp","href":"https:\/\/api.w.org\/{rel}","templated":true}]}}